{"id":90,"date":"2016-02-29T20:17:41","date_gmt":"2016-02-29T19:17:41","guid":{"rendered":"https:\/\/munsterescalade.fr\/index.php\/2016\/02\/29\/resultats-des-championnats-departementaux-de-difficulte-haut-rhin-2016\/"},"modified":"2024-03-02T20:51:31","modified_gmt":"2024-03-02T19:51:31","slug":"resultats-des-championnats-departementaux-de-difficulte-haut-rhin-2016","status":"publish","type":"post","link":"https:\/\/munsterescalade.fr\/index.php\/2016\/02\/29\/resultats-des-championnats-departementaux-de-difficulte-haut-rhin-2016\/","title":{"rendered":"R\u00e9sultats des championnats d\u00e9partementaux de difficult\u00e9 &#8211; Haut-Rhin 2016"},"content":{"rendered":"<p>[rouge]<\/p>\n<h2>PLUIE DE MEDAILLES POUR L\u2019ASSOCIATION MUNSTER ESCALADE<\/h2>\n<p>[\/rouge]<\/p>\n<p>Neuf grimpeurs du club ont souhait\u00e9 participer aux CHAMPIONNATS D\u00c9PARTEMENTAUX de difficult\u00e9 organis\u00e9s le 28 f\u00e9vrier 2016 \u00e0 COLMAR.<br \/>\nS\u2019entra\u00eenant r\u00e9guli\u00e8rement avec beaucoup de motivation, et ce sous la houlette d&rsquo; Alain, leur nouvel entra\u00eeneur depuis 1 an 1\/2, ils sont TOUS sur le podium.<\/p>\n<h2>BRAVO A EUX !<\/h2>\n<p>Voici le palmar\u00e8s :<\/p>\n<ul>\n<li>[bleu]Louise BERINGER : CHAMPIONNE DU HAUT RHIN 2016 &#8211; cat\u00e9gorie BENJAMINE[\/bleu]<\/li>\n<li>[bleu]Virginie ADVOCAT : Vice CHAMPIONNE DU HAUT RHIN 2016 &#8211; cat\u00e9gorie BENJAMINE[\/bleu]<\/li>\n<li>[fuchia]Noe CUNIN : 3\u00e8me DU HAUT RHIN 2016 &#8211; cat\u00e9gorie BENJAMIN[\/fuchia]<\/li>\n<li>[orange fonce]Lo\u00efse LANNEAU : 3\u00e8me DU HAUT RHIN 2016 &#8211; cat\u00e9gorie MINIME[\/orange fonce]<\/li>\n<li>[orange fonce]Tom VOITZWINKLER : CHAMPION du HAUT RHIN 2016 &#8211; cat\u00e9gorie MINIME[\/orange fonce]<\/li>\n<li>[orange fonce]Marc BERINGER : 3\u00e8me DU HAUT RHIN 2016 &#8211; cat\u00e9gorie MINIME[\/orange fonce]<\/li>\n<li>[vert]Josse MARQUET : 3\u00e8me DU HAUT RHIN 2016 &#8211; cat\u00e9gorie CADET[\/vert]<\/li>\n<li>[vert olive]Constance FREMIOT : CHAMPIONNE DU HAUT RHIN 2016 &#8211; cat\u00e9gorie JUNIOR[\/vert olive]<\/li>\n<li>[vert olive]Th\u00e9o VOITZWINKLER : CHAMPION du HAUT RHIN 2016 &#8211; cat\u00e9gorie JUNIOR[\/vert olive]\n<\/li>\n<\/ul>\n","protected":false},"excerpt":{"rendered":"<p>[rouge] PLUIE DE MEDAILLES POUR L\u2019ASSOCIATION MUNSTER ESCALADE [\/rouge] Neuf grimpeurs du club ont souhait\u00e9 participer aux CHAMPIONNATS D\u00c9PARTEMENTAUX de difficult\u00e9 organis\u00e9s le 28 f\u00e9vrier 2016 \u00e0 COLMAR. S\u2019entra\u00eenant r\u00e9guli\u00e8rement avec beaucoup de motivation, et ce sous la houlette d&rsquo; Alain, leur nouvel entra\u00eeneur depuis 1 an 1\/2, ils sont [&hellip;]<\/p>\n","protected":false},"author":2,"featured_media":0,"comment_status":"closed","ping_status":"open","sticky":false,"template":"","format":"standard","meta":{"footnotes":""},"categories":[5],"tags":[],"class_list":["post-90","post","type-post","status-publish","format-standard","hentry","category-escalade"],"_links":{"self":[{"href":"https:\/\/munsterescalade.fr\/index.php\/wp-json\/wp\/v2\/posts\/90","targetHints":{"allow":["GET"]}}],"collection":[{"href":"https:\/\/munsterescalade.fr\/index.php\/wp-json\/wp\/v2\/posts"}],"about":[{"href":"https:\/\/munsterescalade.fr\/index.php\/wp-json\/wp\/v2\/types\/post"}],"author":[{"embeddable":true,"href":"https:\/\/munsterescalade.fr\/index.php\/wp-json\/wp\/v2\/users\/2"}],"replies":[{"embeddable":true,"href":"https:\/\/munsterescalade.fr\/index.php\/wp-json\/wp\/v2\/comments?post=90"}],"version-history":[{"count":1,"href":"https:\/\/munsterescalade.fr\/index.php\/wp-json\/wp\/v2\/posts\/90\/revisions"}],"predecessor-version":[{"id":335,"href":"https:\/\/munsterescalade.fr\/index.php\/wp-json\/wp\/v2\/posts\/90\/revisions\/335"}],"wp:attachment":[{"href":"https:\/\/munsterescalade.fr\/index.php\/wp-json\/wp\/v2\/media?parent=90"}],"wp:term":[{"taxonomy":"category","embeddable":true,"href":"https:\/\/munsterescalade.fr\/index.php\/wp-json\/wp\/v2\/categories?post=90"},{"taxonomy":"post_tag","embeddable":true,"href":"https:\/\/munsterescalade.fr\/index.php\/wp-json\/wp\/v2\/tags?post=90"}],"curies":[{"name":"wp","href":"https:\/\/api.w.org\/{rel}","templated":true}]}}