{"id":41,"date":"2012-09-24T15:40:00","date_gmt":"2012-09-24T14:40:00","guid":{"rendered":"https:\/\/munsterescalade.fr\/index.php\/2012\/09\/24\/fermeture-temporaire-de-la-salle-le-mardi-soir\/"},"modified":"2024-03-02T20:51:32","modified_gmt":"2024-03-02T19:51:32","slug":"fermeture-temporaire-de-la-salle-le-mardi-soir","status":"publish","type":"post","link":"https:\/\/munsterescalade.fr\/index.php\/2012\/09\/24\/fermeture-temporaire-de-la-salle-le-mardi-soir\/","title":{"rendered":"Fermeture temporaire de la salle le mardi soir"},"content":{"rendered":"<p><strong><em>LA SALLE D\u2019ESCALADE EST MOMENTANEMENT FERMEE <\/p>\n<p>LE MARDI SOIR, <\/p>\n<p>FAUTE DE RESPONSABLE DE SEANCE.<\/strong><\/em><\/p>\n<p>Toute personne int\u00e9ress\u00e9e par la gestion d\u2019un cr\u00e9neau et la responsabilit\u00e9 de s\u00e9ances<br \/>\npeut prendre contact avec Denis PORTET ou Vincent BRICAIRE.<\/p>\n","protected":false},"excerpt":{"rendered":"<p>LA SALLE D\u2019ESCALADE EST MOMENTANEMENT FERMEE LE MARDI SOIR, FAUTE DE RESPONSABLE DE SEANCE. Toute personne int\u00e9ress\u00e9e par la gestion d\u2019un cr\u00e9neau et la responsabilit\u00e9 de s\u00e9ances peut prendre contact avec Denis PORTET ou Vincent BRICAIRE.<\/p>\n","protected":false},"author":2,"featured_media":0,"comment_status":"closed","ping_status":"open","sticky":false,"template":"","format":"standard","meta":{"footnotes":""},"categories":[2],"tags":[],"class_list":["post-41","post","type-post","status-publish","format-standard","hentry","category-actualites"],"_links":{"self":[{"href":"https:\/\/munsterescalade.fr\/index.php\/wp-json\/wp\/v2\/posts\/41","targetHints":{"allow":["GET"]}}],"collection":[{"href":"https:\/\/munsterescalade.fr\/index.php\/wp-json\/wp\/v2\/posts"}],"about":[{"href":"https:\/\/munsterescalade.fr\/index.php\/wp-json\/wp\/v2\/types\/post"}],"author":[{"embeddable":true,"href":"https:\/\/munsterescalade.fr\/index.php\/wp-json\/wp\/v2\/users\/2"}],"replies":[{"embeddable":true,"href":"https:\/\/munsterescalade.fr\/index.php\/wp-json\/wp\/v2\/comments?post=41"}],"version-history":[{"count":1,"href":"https:\/\/munsterescalade.fr\/index.php\/wp-json\/wp\/v2\/posts\/41\/revisions"}],"predecessor-version":[{"id":384,"href":"https:\/\/munsterescalade.fr\/index.php\/wp-json\/wp\/v2\/posts\/41\/revisions\/384"}],"wp:attachment":[{"href":"https:\/\/munsterescalade.fr\/index.php\/wp-json\/wp\/v2\/media?parent=41"}],"wp:term":[{"taxonomy":"category","embeddable":true,"href":"https:\/\/munsterescalade.fr\/index.php\/wp-json\/wp\/v2\/categories?post=41"},{"taxonomy":"post_tag","embeddable":true,"href":"https:\/\/munsterescalade.fr\/index.php\/wp-json\/wp\/v2\/tags?post=41"}],"curies":[{"name":"wp","href":"https:\/\/api.w.org\/{rel}","templated":true}]}}