{"id":2,"date":"2007-06-17T13:20:00","date_gmt":"2007-06-17T12:20:00","guid":{"rendered":"https:\/\/munsterescalade.fr\/index.php\/2007\/06\/17\/qualification-securite-sur-glacie-glacier-du-rhone\/"},"modified":"2024-03-02T20:51:32","modified_gmt":"2024-03-02T19:51:32","slug":"qualification-securite-sur-glacie-glacier-du-rhone","status":"publish","type":"post","link":"https:\/\/munsterescalade.fr\/index.php\/2007\/06\/17\/qualification-securite-sur-glacie-glacier-du-rhone\/","title":{"rendered":"Qualification S\u00e9curit\u00e9 sur glacie &#8211; Glacier du Rhone"},"content":{"rendered":"<p>Deux membres de l\u2019 AME, Geoffroy et Vincent, ont particip\u00e9 \u00e0 un stage \u00ab\u00a0S\u00e9curit\u00e9 sur Glacier &#8211; niveau 2\u00a0\u00bb les 16 et 17 juin 2007 sur le glacier du Rhone, pas loin d\u2019Andermatt en vue de l\u2019obtention de cette qualification (c\u2019est chose faite < ;-)).\n\nCe stage, anim\u00e9 par Eric MUNIER et Patrice FLESCH, nos deux nouveaux instructeurs Alpinisme FFME du comit\u00e9 Alsace, a \u00e9t\u00e9 tr\u00e8s enrichissant.\n\nGeoffroy et Vincent ont approfondi leurs connaissances dans les domaines suivants :\n\n- le sac et le mat\u00e9riel individuel,\n\n- les noeuds, cramponnage, la corde, connaissance du milieu glaciaire, assurages, ancrages, alimentation, protection contre le froid,\n\n- la conduite d\u2019un groupe sur terrain glaciaire et en situation de sauvetage et d\u2019auto sauvetage.\n\nNos deux formateurs ont dispens\u00e9 un enseignement de qualit\u00e9 et les autres participants ont apport\u00e9 aussi leur pierre \u00e0 l\u2019\u00e9difice pour que ce week-end soit un succ\u00e8s.\n\nMerci aussi \u00e0 celles et ceux qui ont assur\u00e9 l\u2019intendance et bonjour aux membres du CAF de Colmar qui \u00e9taient de la partie. FFME et CAF savent cohabiter en Alsace !\n\nVincent\n<\/p>\n","protected":false},"excerpt":{"rendered":"<p>Deux membres de l\u2019 AME, Geoffroy et Vincent, ont particip\u00e9 \u00e0 un stage \u00ab\u00a0S\u00e9curit\u00e9 sur Glacier &#8211; niveau 2\u00a0\u00bb les 16 et 17 juin 2007 sur le glacier du Rhone, pas loin d\u2019Andermatt en vue de l\u2019obtention de cette qualification (c\u2019est chose faite < ;-)). Ce stage, anim\u00e9 par Eric [&hellip;]\n<\/p>\n","protected":false},"author":2,"featured_media":0,"comment_status":"closed","ping_status":"open","sticky":false,"template":"","format":"standard","meta":{"footnotes":""},"categories":[3],"tags":[],"class_list":["post-2","post","type-post","status-publish","format-standard","hentry","category-alpinisme"],"_links":{"self":[{"href":"https:\/\/munsterescalade.fr\/index.php\/wp-json\/wp\/v2\/posts\/2","targetHints":{"allow":["GET"]}}],"collection":[{"href":"https:\/\/munsterescalade.fr\/index.php\/wp-json\/wp\/v2\/posts"}],"about":[{"href":"https:\/\/munsterescalade.fr\/index.php\/wp-json\/wp\/v2\/types\/post"}],"author":[{"embeddable":true,"href":"https:\/\/munsterescalade.fr\/index.php\/wp-json\/wp\/v2\/users\/2"}],"replies":[{"embeddable":true,"href":"https:\/\/munsterescalade.fr\/index.php\/wp-json\/wp\/v2\/comments?post=2"}],"version-history":[{"count":1,"href":"https:\/\/munsterescalade.fr\/index.php\/wp-json\/wp\/v2\/posts\/2\/revisions"}],"predecessor-version":[{"id":420,"href":"https:\/\/munsterescalade.fr\/index.php\/wp-json\/wp\/v2\/posts\/2\/revisions\/420"}],"wp:attachment":[{"href":"https:\/\/munsterescalade.fr\/index.php\/wp-json\/wp\/v2\/media?parent=2"}],"wp:term":[{"taxonomy":"category","embeddable":true,"href":"https:\/\/munsterescalade.fr\/index.php\/wp-json\/wp\/v2\/categories?post=2"},{"taxonomy":"post_tag","embeddable":true,"href":"https:\/\/munsterescalade.fr\/index.php\/wp-json\/wp\/v2\/tags?post=2"}],"curies":[{"name":"wp","href":"https:\/\/api.w.org\/{rel}","templated":true}]}}