{"id":168,"date":"2020-08-23T19:34:35","date_gmt":"2020-08-23T18:34:35","guid":{"rendered":"https:\/\/munsterescalade.fr\/index.php\/2020\/08\/23\/la-reprise-2020-2021\/"},"modified":"2024-03-02T20:51:30","modified_gmt":"2024-03-02T19:51:30","slug":"la-reprise-2020-2021","status":"publish","type":"post","link":"https:\/\/munsterescalade.fr\/index.php\/2020\/08\/23\/la-reprise-2020-2021\/","title":{"rendered":"La reprise 2020-2021"},"content":{"rendered":"<p>Quelques lignes pour vous donner des informations au sujet de l&rsquo;escalade, du club et de la reprise.<\/p>\n<p>Oui, nous allons enfin pouvoir reprendre mais avec quelques adaptations et consignes de s\u00e9curit\u00e9.<br \/>\nVous trouverez d&rsquo;ailleurs ci joint les recommandations de la f\u00e9d\u00e9ration.<br \/>\nNous aurons encore des r\u00e9unions de travail d\u00e9but septembre avec les encadrants pour les affiner et surtout les adapter \u00e0 notre salle et notre mur.<br \/>\nMais les grandes lignes devront \u00eatre respect\u00e9es.<\/p>\n<p>La salle rouvrira donc \u00e0 partir du 14 septembre \u00e0 partir de 18h30 pour les jeunes  et dans la soir\u00e9e pour les grimpeurs autonomes.<\/p>\n<p>Les jeunes d\u00e9butants qui souhaitent int\u00e9grer les cours pourront s&rsquo;inscrire qu&rsquo;\u00e0 partir du 26 septembre et int\u00e8grent les cours \u00e0 partir du 28 septembre. Ceci nous permettra de reprendre en douceur.<\/p>\n<p>Les inscriptions pour les adultes pourront d\u00e9buter la premi\u00e8re semaine de septembre. Elles pourront \u00e0 nouveau se faire via HELLO ASSO apres le 04 septembre ou en version papier que vous trouverez \u00e9galement ci joint.<\/p>\n<p>Je reviendrai vers vous avant le 14 septembre pour vous donner toutes les informations utiles \u00e0 la reprise.<\/p>\n<p>En attendant, sachez d\u00e9j\u00e0 que des nouvelles voies ont \u00e9t\u00e9 ouvertes et n&rsquo;attendent plus que vous pour \u00eatre test\u00e9e<\/p>\n","protected":false},"excerpt":{"rendered":"<p>Quelques lignes pour vous donner des informations au sujet de l&rsquo;escalade, du club et de la reprise. Oui, nous allons enfin pouvoir reprendre mais avec quelques adaptations et consignes de s\u00e9curit\u00e9. Vous trouverez d&rsquo;ailleurs ci joint les recommandations de la f\u00e9d\u00e9ration. Nous aurons encore des r\u00e9unions de travail d\u00e9but septembre [&hellip;]<\/p>\n","protected":false},"author":2,"featured_media":167,"comment_status":"closed","ping_status":"open","sticky":false,"template":"","format":"standard","meta":{"footnotes":""},"categories":[2],"tags":[],"class_list":["post-168","post","type-post","status-publish","format-standard","has-post-thumbnail","hentry","category-actualites"],"_links":{"self":[{"href":"https:\/\/munsterescalade.fr\/index.php\/wp-json\/wp\/v2\/posts\/168","targetHints":{"allow":["GET"]}}],"collection":[{"href":"https:\/\/munsterescalade.fr\/index.php\/wp-json\/wp\/v2\/posts"}],"about":[{"href":"https:\/\/munsterescalade.fr\/index.php\/wp-json\/wp\/v2\/types\/post"}],"author":[{"embeddable":true,"href":"https:\/\/munsterescalade.fr\/index.php\/wp-json\/wp\/v2\/users\/2"}],"replies":[{"embeddable":true,"href":"https:\/\/munsterescalade.fr\/index.php\/wp-json\/wp\/v2\/comments?post=168"}],"version-history":[{"count":1,"href":"https:\/\/munsterescalade.fr\/index.php\/wp-json\/wp\/v2\/posts\/168\/revisions"}],"predecessor-version":[{"id":265,"href":"https:\/\/munsterescalade.fr\/index.php\/wp-json\/wp\/v2\/posts\/168\/revisions\/265"}],"wp:featuredmedia":[{"embeddable":true,"href":"https:\/\/munsterescalade.fr\/index.php\/wp-json\/wp\/v2\/media\/167"}],"wp:attachment":[{"href":"https:\/\/munsterescalade.fr\/index.php\/wp-json\/wp\/v2\/media?parent=168"}],"wp:term":[{"taxonomy":"category","embeddable":true,"href":"https:\/\/munsterescalade.fr\/index.php\/wp-json\/wp\/v2\/categories?post=168"},{"taxonomy":"post_tag","embeddable":true,"href":"https:\/\/munsterescalade.fr\/index.php\/wp-json\/wp\/v2\/tags?post=168"}],"curies":[{"name":"wp","href":"https:\/\/api.w.org\/{rel}","templated":true}]}}