{"id":156,"date":"2019-10-05T16:05:01","date_gmt":"2019-10-05T15:05:01","guid":{"rendered":"https:\/\/munsterescalade.fr\/index.php\/2019\/10\/05\/cest-reparti-et-autant-vous-dire-que-les\/"},"modified":"2024-03-02T20:51:31","modified_gmt":"2024-03-02T19:51:31","slug":"cest-reparti-et-autant-vous-dire-que-les","status":"publish","type":"post","link":"https:\/\/munsterescalade.fr\/index.php\/2019\/10\/05\/cest-reparti-et-autant-vous-dire-que-les\/","title":{"rendered":"C&rsquo;est reparti, et autant vous dire que les&#8230;"},"content":{"rendered":"<p> C&rsquo;est reparti, et autant vous dire que les jeunes sont en forme !<br \/>\nLes deux clubs de la vall\u00e9e sont d\u00e9j\u00e0 repartis dans leur cycle de comp\u00e9tition et se sont mesur\u00e9 aux meilleurs d\u2019Alsace lors des tout premiers championnats de Bloc \u00e0 Strasbourg le dimanche 01 octobre 2019<\/p>\n<p>Voici leurs r\u00e9sultats lors du championnat d&rsquo;Alsace qui s&rsquo;est d\u00e9roul\u00e9 le dimanche 29 septembre \u00e0 Strasbourg :<br \/>\nPour l\u2019Association Munster Escalade :<br \/>\nNo\u00e9 CUNIN : Champion du Haut-Rhin et 5e d&rsquo;Alsace<br \/>\nUgo BITTERLY: Vice-champion du Haut-Rhin et 8e d&rsquo;Alsace<br \/>\nNo\u00e9 KLINGER : 3e du Haut-Rhin et 9e d&rsquo;Alsace<br \/>\nTom VOITZWINKLER : Champion du Haut-Rhin et champion d&rsquo;Alsace<br \/>\nPour l\u2019ASLM : Maureen DEPARIS s\u2019est plac\u00e9e la 3eme place d\u2019Alsace<\/p>\n<p>Un grand bravo aux jeunes des clubs de l\u2019AME et de L\u2019ASLM pour leur t\u00e9nacit\u00e9 et leur performance ! <\/p>\n","protected":false},"excerpt":{"rendered":"<p>C&rsquo;est reparti, et autant vous dire que les jeunes sont en forme ! Les deux clubs de la vall\u00e9e sont d\u00e9j\u00e0 repartis dans leur cycle de comp\u00e9tition et se sont mesur\u00e9 aux meilleurs d\u2019Alsace lors des tout premiers championnats de Bloc \u00e0 Strasbourg le dimanche 01 octobre 2019 Voici leurs [&hellip;]<\/p>\n","protected":false},"author":2,"featured_media":155,"comment_status":"closed","ping_status":"open","sticky":false,"template":"","format":"standard","meta":{"footnotes":""},"categories":[5],"tags":[],"class_list":["post-156","post","type-post","status-publish","format-standard","has-post-thumbnail","hentry","category-escalade"],"_links":{"self":[{"href":"https:\/\/munsterescalade.fr\/index.php\/wp-json\/wp\/v2\/posts\/156","targetHints":{"allow":["GET"]}}],"collection":[{"href":"https:\/\/munsterescalade.fr\/index.php\/wp-json\/wp\/v2\/posts"}],"about":[{"href":"https:\/\/munsterescalade.fr\/index.php\/wp-json\/wp\/v2\/types\/post"}],"author":[{"embeddable":true,"href":"https:\/\/munsterescalade.fr\/index.php\/wp-json\/wp\/v2\/users\/2"}],"replies":[{"embeddable":true,"href":"https:\/\/munsterescalade.fr\/index.php\/wp-json\/wp\/v2\/comments?post=156"}],"version-history":[{"count":1,"href":"https:\/\/munsterescalade.fr\/index.php\/wp-json\/wp\/v2\/posts\/156\/revisions"}],"predecessor-version":[{"id":272,"href":"https:\/\/munsterescalade.fr\/index.php\/wp-json\/wp\/v2\/posts\/156\/revisions\/272"}],"wp:featuredmedia":[{"embeddable":true,"href":"https:\/\/munsterescalade.fr\/index.php\/wp-json\/wp\/v2\/media\/155"}],"wp:attachment":[{"href":"https:\/\/munsterescalade.fr\/index.php\/wp-json\/wp\/v2\/media?parent=156"}],"wp:term":[{"taxonomy":"category","embeddable":true,"href":"https:\/\/munsterescalade.fr\/index.php\/wp-json\/wp\/v2\/categories?post=156"},{"taxonomy":"post_tag","embeddable":true,"href":"https:\/\/munsterescalade.fr\/index.php\/wp-json\/wp\/v2\/tags?post=156"}],"curies":[{"name":"wp","href":"https:\/\/api.w.org\/{rel}","templated":true}]}}