{"id":141,"date":"2019-02-10T16:05:14","date_gmt":"2019-02-10T15:05:14","guid":{"rendered":"https:\/\/munsterescalade.fr\/index.php\/2019\/02\/10\/munsteriens-meritants-2019\/"},"modified":"2024-03-02T20:51:31","modified_gmt":"2024-03-02T19:51:31","slug":"munsteriens-meritants-2019","status":"publish","type":"post","link":"https:\/\/munsterescalade.fr\/index.php\/2019\/02\/10\/munsteriens-meritants-2019\/","title":{"rendered":"Munst\u00e9riens meritants 2019"},"content":{"rendered":"<p> Vincent BRICAIRE est l&rsquo;un des piliers de l&rsquo;association, il a toujours fait preuve de disponibilit\u00e9 et mis ses comp\u00e9tences au b\u00e9n\u00e9fice des plus jeunes ainsi qu&rsquo;aupr\u00e8s des jeunes cadres f\u00e9d\u00e9raux qu&rsquo;il a tutor\u00e9.<\/p>\n<p>C&rsquo;est pour toutes ces qualit\u00e9s et au regard des services rendus en tant que b\u00e9n\u00e9vole, que nous proposons, Vincent Bricaire pour la mention de Munst\u00e9riens m\u00e9ritants Licenci\u00e9 \u00e0 l&rsquo;Association Munster Escalade depuis 2004, il s&rsquo;est d&#8217;embl\u00e9e investi au sein du club et a mis ses comp\u00e9tences informatiques \u00e0 profit, en cr\u00e9ant et en administrant le site internet de l&rsquo;association.<\/p>\n<p>Elu au comit\u00e9 en 2006, il postule pour int\u00e9grer l&rsquo;\u00e9quipe dirigeante du club en qualit\u00e9 de tr\u00e9sorier en 2007, fonction qu&rsquo;il a occup\u00e9 jusque fin novembre 2018 et ce avec la plus grande rigueur.<br \/>\nIl a parfait ses comp\u00e9tences en escalade qui lui ont permis de suivre en 2010 la formation d&rsquo;initiateur SAE et donc rejoint  l&rsquo;\u00e9quipe d&rsquo;encadrement escalade de l&rsquo;association. Il a ainsi particip\u00e9 au d\u00e9veloppement du club et il a encadr\u00e9 chaque semaine depuis 2010 les jeunes du club, souhaitant d\u00e9couvrir l\u2019escalade.<\/p>\n<p>Pour toutes ces ann\u00e9es d&rsquo;encadrement et de b\u00e9n\u00e9volat, nous le remercions chaleureusement<\/p>\n","protected":false},"excerpt":{"rendered":"<p>Vincent BRICAIRE est l&rsquo;un des piliers de l&rsquo;association, il a toujours fait preuve de disponibilit\u00e9 et mis ses comp\u00e9tences au b\u00e9n\u00e9fice des plus jeunes ainsi qu&rsquo;aupr\u00e8s des jeunes cadres f\u00e9d\u00e9raux qu&rsquo;il a tutor\u00e9. C&rsquo;est pour toutes ces qualit\u00e9s et au regard des services rendus en tant que b\u00e9n\u00e9vole, que nous [&hellip;]<\/p>\n","protected":false},"author":2,"featured_media":0,"comment_status":"closed","ping_status":"open","sticky":false,"template":"","format":"standard","meta":{"footnotes":""},"categories":[2],"tags":[],"class_list":["post-141","post","type-post","status-publish","format-standard","hentry","category-actualites"],"_links":{"self":[{"href":"https:\/\/munsterescalade.fr\/index.php\/wp-json\/wp\/v2\/posts\/141","targetHints":{"allow":["GET"]}}],"collection":[{"href":"https:\/\/munsterescalade.fr\/index.php\/wp-json\/wp\/v2\/posts"}],"about":[{"href":"https:\/\/munsterescalade.fr\/index.php\/wp-json\/wp\/v2\/types\/post"}],"author":[{"embeddable":true,"href":"https:\/\/munsterescalade.fr\/index.php\/wp-json\/wp\/v2\/users\/2"}],"replies":[{"embeddable":true,"href":"https:\/\/munsterescalade.fr\/index.php\/wp-json\/wp\/v2\/comments?post=141"}],"version-history":[{"count":1,"href":"https:\/\/munsterescalade.fr\/index.php\/wp-json\/wp\/v2\/posts\/141\/revisions"}],"predecessor-version":[{"id":285,"href":"https:\/\/munsterescalade.fr\/index.php\/wp-json\/wp\/v2\/posts\/141\/revisions\/285"}],"wp:attachment":[{"href":"https:\/\/munsterescalade.fr\/index.php\/wp-json\/wp\/v2\/media?parent=141"}],"wp:term":[{"taxonomy":"category","embeddable":true,"href":"https:\/\/munsterescalade.fr\/index.php\/wp-json\/wp\/v2\/categories?post=141"},{"taxonomy":"post_tag","embeddable":true,"href":"https:\/\/munsterescalade.fr\/index.php\/wp-json\/wp\/v2\/tags?post=141"}],"curies":[{"name":"wp","href":"https:\/\/api.w.org\/{rel}","templated":true}]}}