{"id":133,"date":"2018-11-30T10:39:18","date_gmt":"2018-11-30T09:39:18","guid":{"rendered":"https:\/\/munsterescalade.fr\/index.php\/2018\/11\/30\/portes-ouvertes-2019\/"},"modified":"2024-03-02T20:51:31","modified_gmt":"2024-03-02T19:51:31","slug":"portes-ouvertes-2019","status":"publish","type":"post","link":"https:\/\/munsterescalade.fr\/index.php\/2018\/11\/30\/portes-ouvertes-2019\/","title":{"rendered":"PORTES OUVERTES 2019"},"content":{"rendered":"<p>Cette ann\u00e9e encore l\u2019Association Munster Escalade a propos\u00e9 une JOURN\u00c9E \u00ab\u00a0PORTES OUVERTES\u00a0\u00bb le dimanche 25 novembre 2019.<\/p>\n<p>Petits et grands ont pu s\u2019essayer au plaisir de la grimpe et tester avec les initiateurs la prise de hauteur.<br \/>\nDurant toute la journ\u00e9e, plus d\u2019une cinquantaine de personnes sont venues  s\u2019essayer \u00e0 cette sensation de  hauteur, certains pour se confronter \u00e0 leur peur, d\u2019autres par plaisir de la d\u00e9couverte.<br \/>\nDes boissons et p\u00e2tisseries maison sont venues agr\u00e9ment\u00e9es le tout dans un esprit  tr\u00e8s convivial. <\/p>\n","protected":false},"excerpt":{"rendered":"<p>Cette ann\u00e9e encore l\u2019Association Munster Escalade a propos\u00e9 une JOURN\u00c9E \u00ab\u00a0PORTES OUVERTES\u00a0\u00bb le dimanche 25 novembre 2019. Petits et grands ont pu s\u2019essayer au plaisir de la grimpe et tester avec les initiateurs la prise de hauteur. Durant toute la journ\u00e9e, plus d\u2019une cinquantaine de personnes sont venues s\u2019essayer \u00e0 [&hellip;]<\/p>\n","protected":false},"author":2,"featured_media":0,"comment_status":"closed","ping_status":"open","sticky":false,"template":"","format":"standard","meta":{"footnotes":""},"categories":[5],"tags":[],"class_list":["post-133","post","type-post","status-publish","format-standard","hentry","category-escalade"],"_links":{"self":[{"href":"https:\/\/munsterescalade.fr\/index.php\/wp-json\/wp\/v2\/posts\/133","targetHints":{"allow":["GET"]}}],"collection":[{"href":"https:\/\/munsterescalade.fr\/index.php\/wp-json\/wp\/v2\/posts"}],"about":[{"href":"https:\/\/munsterescalade.fr\/index.php\/wp-json\/wp\/v2\/types\/post"}],"author":[{"embeddable":true,"href":"https:\/\/munsterescalade.fr\/index.php\/wp-json\/wp\/v2\/users\/2"}],"replies":[{"embeddable":true,"href":"https:\/\/munsterescalade.fr\/index.php\/wp-json\/wp\/v2\/comments?post=133"}],"version-history":[{"count":1,"href":"https:\/\/munsterescalade.fr\/index.php\/wp-json\/wp\/v2\/posts\/133\/revisions"}],"predecessor-version":[{"id":293,"href":"https:\/\/munsterescalade.fr\/index.php\/wp-json\/wp\/v2\/posts\/133\/revisions\/293"}],"wp:attachment":[{"href":"https:\/\/munsterescalade.fr\/index.php\/wp-json\/wp\/v2\/media?parent=133"}],"wp:term":[{"taxonomy":"category","embeddable":true,"href":"https:\/\/munsterescalade.fr\/index.php\/wp-json\/wp\/v2\/categories?post=133"},{"taxonomy":"post_tag","embeddable":true,"href":"https:\/\/munsterescalade.fr\/index.php\/wp-json\/wp\/v2\/tags?post=133"}],"curies":[{"name":"wp","href":"https:\/\/api.w.org\/{rel}","templated":true}]}}